{"id":996,"date":"2023-05-10T07:51:15","date_gmt":"2023-05-10T05:51:15","guid":{"rendered":"http:\/\/lyceech.cluster026.hosting.ovh.net\/?p=996"},"modified":"2023-05-10T07:51:15","modified_gmt":"2023-05-10T05:51:15","slug":"feuilleton-radiophonique-par-les-bts-sam-1","status":"publish","type":"post","link":"http:\/\/lyceeclaudemonetlh.fr\/index.php\/2023\/05\/10\/feuilleton-radiophonique-par-les-bts-sam-1\/","title":{"rendered":"Feuilleton radiophonique par les BTS SAM 1"},"content":{"rendered":"\n<p>Les \u00e9l\u00e8ves de BTS SAM 1 ont adapt\u00e9, un des roman policier de<strong> Marie Aude Murail<\/strong> (Autrice fran\u00e7aise n\u00e9e au Havre). <em><strong>A l&rsquo;h\u00f4tel du pourquoi \u2013 pas&nbsp;?<\/strong><\/em> Auteure de romans destin\u00e9s \u00e0 la jeunesse, qui abordent des th\u00e9matiques vari\u00e9es : la maladie&nbsp;, l&rsquo;homosexualit\u00e9, le militantisme politique&#8230; Projet encadr\u00e9 par Mmes Dassonville et Hall\u00e9.<\/p>\n\n\n\n<p><strong>Tr\u00e8s bonne \u00e9coute&nbsp;!<\/strong><\/p>\n\n\n<div class=\"wp-block-image\">\n<figure class=\"aligncenter size-large is-resized\"><img loading=\"lazy\" decoding=\"async\" src=\"http:\/\/lyceech.cluster026.hosting.ovh.net\/wp-content\/uploads\/2023\/05\/EQUI-BTS-1024x768.jpg\" alt=\"\" class=\"wp-image-998\" width=\"248\" height=\"186\" srcset=\"http:\/\/lyceech.cluster026.hosting.ovh.net\/wp-content\/uploads\/2023\/05\/EQUI-BTS-1024x768.jpg 1024w, http:\/\/lyceech.cluster026.hosting.ovh.net\/wp-content\/uploads\/2023\/05\/EQUI-BTS-300x225.jpg 300w, http:\/\/lyceech.cluster026.hosting.ovh.net\/wp-content\/uploads\/2023\/05\/EQUI-BTS-768x576.jpg 768w, http:\/\/lyceech.cluster026.hosting.ovh.net\/wp-content\/uploads\/2023\/05\/EQUI-BTS.jpg 1093w\" sizes=\"(max-width: 248px) 100vw, 248px\" \/><\/figure><\/div>\n\n\n<figure class=\"wp-block-audio\"><audio controls src=\"http:\/\/lyceech.cluster026.hosting.ovh.net\/wp-content\/uploads\/2023\/05\/Webradiio_BTS-SAM_MA_Murail_21_02_23.mp3\"><\/audio><\/figure>\n\n\n<div class=\"wp-block-image\">\n<figure class=\"aligncenter size-full\"><img loading=\"lazy\" decoding=\"async\" width=\"340\" height=\"340\" src=\"http:\/\/lyceech.cluster026.hosting.ovh.net\/wp-content\/uploads\/2023\/05\/POURQUOI.jpg\" alt=\"\" class=\"wp-image-999\" srcset=\"http:\/\/lyceech.cluster026.hosting.ovh.net\/wp-content\/uploads\/2023\/05\/POURQUOI.jpg 340w, http:\/\/lyceech.cluster026.hosting.ovh.net\/wp-content\/uploads\/2023\/05\/POURQUOI-300x300.jpg 300w, http:\/\/lyceech.cluster026.hosting.ovh.net\/wp-content\/uploads\/2023\/05\/POURQUOI-150x150.jpg 150w\" sizes=\"(max-width: 340px) 100vw, 340px\" \/><\/figure><\/div>","protected":false},"excerpt":{"rendered":"<p>Les \u00e9l\u00e8ves de BTS SAM 1 ont adapt\u00e9, un des roman policier de Marie Aude Murail (Autrice fran\u00e7aise n\u00e9e au Havre). A l&rsquo;h\u00f4tel du pourquoi \u2013 pas&nbsp;? Auteure de romans destin\u00e9s \u00e0 la jeunesse, qui abordent des th\u00e9matiques vari\u00e9es : la maladie&nbsp;, l&rsquo;homosexualit\u00e9, le militantisme politique&#8230; Projet encadr\u00e9 par Mmes Dassonville et Hall\u00e9. Tr\u00e8s bonne [&hellip;]<\/p>\n","protected":false},"author":1,"featured_media":998,"comment_status":"closed","ping_status":"closed","sticky":false,"template":"","format":"standard","meta":{"footnotes":""},"categories":[1],"tags":[],"_links":{"self":[{"href":"http:\/\/lyceeclaudemonetlh.fr\/index.php\/wp-json\/wp\/v2\/posts\/996"}],"collection":[{"href":"http:\/\/lyceeclaudemonetlh.fr\/index.php\/wp-json\/wp\/v2\/posts"}],"about":[{"href":"http:\/\/lyceeclaudemonetlh.fr\/index.php\/wp-json\/wp\/v2\/types\/post"}],"author":[{"embeddable":true,"href":"http:\/\/lyceeclaudemonetlh.fr\/index.php\/wp-json\/wp\/v2\/users\/1"}],"replies":[{"embeddable":true,"href":"http:\/\/lyceeclaudemonetlh.fr\/index.php\/wp-json\/wp\/v2\/comments?post=996"}],"version-history":[{"count":1,"href":"http:\/\/lyceeclaudemonetlh.fr\/index.php\/wp-json\/wp\/v2\/posts\/996\/revisions"}],"predecessor-version":[{"id":1000,"href":"http:\/\/lyceeclaudemonetlh.fr\/index.php\/wp-json\/wp\/v2\/posts\/996\/revisions\/1000"}],"wp:featuredmedia":[{"embeddable":true,"href":"http:\/\/lyceeclaudemonetlh.fr\/index.php\/wp-json\/wp\/v2\/media\/998"}],"wp:attachment":[{"href":"http:\/\/lyceeclaudemonetlh.fr\/index.php\/wp-json\/wp\/v2\/media?parent=996"}],"wp:term":[{"taxonomy":"category","embeddable":true,"href":"http:\/\/lyceeclaudemonetlh.fr\/index.php\/wp-json\/wp\/v2\/categories?post=996"},{"taxonomy":"post_tag","embeddable":true,"href":"http:\/\/lyceeclaudemonetlh.fr\/index.php\/wp-json\/wp\/v2\/tags?post=996"}],"curies":[{"name":"wp","href":"https:\/\/api.w.org\/{rel}","templated":true}]}}