{"id":839,"date":"2023-03-26T17:43:34","date_gmt":"2023-03-26T15:43:34","guid":{"rendered":"http:\/\/lyceech.cluster026.hosting.ovh.net\/?p=839"},"modified":"2023-03-26T17:43:34","modified_gmt":"2023-03-26T15:43:34","slug":"la-mini-entreprise-t-bag","status":"publish","type":"post","link":"http:\/\/lyceeclaudemonetlh.fr\/index.php\/2023\/03\/26\/la-mini-entreprise-t-bag\/","title":{"rendered":"La mini-entreprise T-BAG ."},"content":{"rendered":"\n<p>La mini entreprise T-BAG port\u00e9e par les \u00e9l\u00e8ves de T AGORA sera pr\u00e9sente \u00e0 la Foire Internationale de Rouen dans le cadre du dispositif <em>Entreprendre Pour Apprendre<\/em><\/p>\n\n\n\n<div data-wp-interactive=\"core\/file\" class=\"wp-block-file\"><object data-wp-bind--hidden=\"!state.hasPdfPreview\"  class=\"wp-block-file__embed\" data=\"http:\/\/lyceech.cluster026.hosting.ovh.net\/wp-content\/uploads\/2023\/03\/comunique-de-presse-rev2-1.pdf\" type=\"application\/pdf\" style=\"width:100%;height:600px\" aria-label=\"Contenu embarqu\u00e9 comunique-de-presse-rev2-1.\"><\/object><a id=\"wp-block-file--media-5b43d7fe-807f-465f-ac3f-29e6f43d6470\" href=\"http:\/\/lyceech.cluster026.hosting.ovh.net\/wp-content\/uploads\/2023\/03\/comunique-de-presse-rev2-1.pdf\">comunique-de-presse-rev2-1<\/a><a href=\"http:\/\/lyceech.cluster026.hosting.ovh.net\/wp-content\/uploads\/2023\/03\/comunique-de-presse-rev2-1.pdf\" class=\"wp-block-file__button wp-element-button\" download aria-describedby=\"wp-block-file--media-5b43d7fe-807f-465f-ac3f-29e6f43d6470\">T\u00e9l\u00e9charger<\/a><\/div>\n","protected":false},"excerpt":{"rendered":"<p>La mini entreprise T-BAG port\u00e9e par les \u00e9l\u00e8ves de T AGORA sera pr\u00e9sente \u00e0 la Foire Internationale de Rouen dans le cadre du dispositif Entreprendre Pour Apprendre<\/p>\n","protected":false},"author":1,"featured_media":841,"comment_status":"closed","ping_status":"closed","sticky":false,"template":"","format":"standard","meta":{"footnotes":""},"categories":[1],"tags":[],"_links":{"self":[{"href":"http:\/\/lyceeclaudemonetlh.fr\/index.php\/wp-json\/wp\/v2\/posts\/839"}],"collection":[{"href":"http:\/\/lyceeclaudemonetlh.fr\/index.php\/wp-json\/wp\/v2\/posts"}],"about":[{"href":"http:\/\/lyceeclaudemonetlh.fr\/index.php\/wp-json\/wp\/v2\/types\/post"}],"author":[{"embeddable":true,"href":"http:\/\/lyceeclaudemonetlh.fr\/index.php\/wp-json\/wp\/v2\/users\/1"}],"replies":[{"embeddable":true,"href":"http:\/\/lyceeclaudemonetlh.fr\/index.php\/wp-json\/wp\/v2\/comments?post=839"}],"version-history":[{"count":1,"href":"http:\/\/lyceeclaudemonetlh.fr\/index.php\/wp-json\/wp\/v2\/posts\/839\/revisions"}],"predecessor-version":[{"id":842,"href":"http:\/\/lyceeclaudemonetlh.fr\/index.php\/wp-json\/wp\/v2\/posts\/839\/revisions\/842"}],"wp:featuredmedia":[{"embeddable":true,"href":"http:\/\/lyceeclaudemonetlh.fr\/index.php\/wp-json\/wp\/v2\/media\/841"}],"wp:attachment":[{"href":"http:\/\/lyceeclaudemonetlh.fr\/index.php\/wp-json\/wp\/v2\/media?parent=839"}],"wp:term":[{"taxonomy":"category","embeddable":true,"href":"http:\/\/lyceeclaudemonetlh.fr\/index.php\/wp-json\/wp\/v2\/categories?post=839"},{"taxonomy":"post_tag","embeddable":true,"href":"http:\/\/lyceeclaudemonetlh.fr\/index.php\/wp-json\/wp\/v2\/tags?post=839"}],"curies":[{"name":"wp","href":"https:\/\/api.w.org\/{rel}","templated":true}]}}