{"id":796,"date":"2023-02-03T09:16:39","date_gmt":"2023-02-03T08:16:39","guid":{"rendered":"http:\/\/lyceech.cluster026.hosting.ovh.net\/?p=796"},"modified":"2023-02-03T09:16:39","modified_gmt":"2023-02-03T08:16:39","slug":"mini-entreprise-label-sante-securite-au-travail","status":"publish","type":"post","link":"http:\/\/lyceeclaudemonetlh.fr\/index.php\/2023\/02\/03\/mini-entreprise-label-sante-securite-au-travail\/","title":{"rendered":"Mini-Entreprise Label Sant\u00e9 S\u00e9curit\u00e9 au Travail"},"content":{"rendered":"\n<p>Mini-Entreprise Terminale AGORA<\/p>\n\n\n\n<p>Notre Mini-entreprise T-BAG Cr\u00e9ation a re\u00e7u Monsieur DELABOUGLISE Animateur du Dispositif Enseignement de la Sant\u00e9 et S\u00e9curit\u00e9 au Travail (DES&amp;ST) le 12 janvier.<\/p>\n\n\n\n<p>Il a sensibilis\u00e9 notre Mini-entreprise aux risques sant\u00e9 et s\u00e9curit\u00e9 au travail pour que le service Sant\u00e9 S\u00e9curit\u00e9 au travail mette en place des actions.<\/p>\n\n\n\n<p>La Mini-entreprise ambitionne d\u2019obtenir le label Sant\u00e9 S\u00e9curit\u00e9 au travail.<\/p>\n\n\n\n<figure class=\"wp-block-image size-full\"><img loading=\"lazy\" decoding=\"async\" width=\"632\" height=\"367\" src=\"http:\/\/lyceech.cluster026.hosting.ovh.net\/wp-content\/uploads\/2023\/02\/mini-entrrpsie.png\" alt=\"\" class=\"wp-image-797\" srcset=\"http:\/\/lyceech.cluster026.hosting.ovh.net\/wp-content\/uploads\/2023\/02\/mini-entrrpsie.png 632w, http:\/\/lyceech.cluster026.hosting.ovh.net\/wp-content\/uploads\/2023\/02\/mini-entrrpsie-300x174.png 300w\" sizes=\"(max-width: 632px) 100vw, 632px\" \/><\/figure>\n","protected":false},"excerpt":{"rendered":"<p>Mini-Entreprise Terminale AGORA Notre Mini-entreprise T-BAG Cr\u00e9ation a re\u00e7u Monsieur DELABOUGLISE Animateur du Dispositif Enseignement de la Sant\u00e9 et S\u00e9curit\u00e9 au Travail (DES&amp;ST) le 12 janvier. Il a sensibilis\u00e9 notre Mini-entreprise aux risques sant\u00e9 et s\u00e9curit\u00e9 au travail pour que le service Sant\u00e9 S\u00e9curit\u00e9 au travail mette en place des actions. La Mini-entreprise ambitionne d\u2019obtenir [&hellip;]<\/p>\n","protected":false},"author":1,"featured_media":798,"comment_status":"closed","ping_status":"closed","sticky":false,"template":"","format":"standard","meta":{"footnotes":""},"categories":[1],"tags":[],"_links":{"self":[{"href":"http:\/\/lyceeclaudemonetlh.fr\/index.php\/wp-json\/wp\/v2\/posts\/796"}],"collection":[{"href":"http:\/\/lyceeclaudemonetlh.fr\/index.php\/wp-json\/wp\/v2\/posts"}],"about":[{"href":"http:\/\/lyceeclaudemonetlh.fr\/index.php\/wp-json\/wp\/v2\/types\/post"}],"author":[{"embeddable":true,"href":"http:\/\/lyceeclaudemonetlh.fr\/index.php\/wp-json\/wp\/v2\/users\/1"}],"replies":[{"embeddable":true,"href":"http:\/\/lyceeclaudemonetlh.fr\/index.php\/wp-json\/wp\/v2\/comments?post=796"}],"version-history":[{"count":1,"href":"http:\/\/lyceeclaudemonetlh.fr\/index.php\/wp-json\/wp\/v2\/posts\/796\/revisions"}],"predecessor-version":[{"id":799,"href":"http:\/\/lyceeclaudemonetlh.fr\/index.php\/wp-json\/wp\/v2\/posts\/796\/revisions\/799"}],"wp:featuredmedia":[{"embeddable":true,"href":"http:\/\/lyceeclaudemonetlh.fr\/index.php\/wp-json\/wp\/v2\/media\/798"}],"wp:attachment":[{"href":"http:\/\/lyceeclaudemonetlh.fr\/index.php\/wp-json\/wp\/v2\/media?parent=796"}],"wp:term":[{"taxonomy":"category","embeddable":true,"href":"http:\/\/lyceeclaudemonetlh.fr\/index.php\/wp-json\/wp\/v2\/categories?post=796"},{"taxonomy":"post_tag","embeddable":true,"href":"http:\/\/lyceeclaudemonetlh.fr\/index.php\/wp-json\/wp\/v2\/tags?post=796"}],"curies":[{"name":"wp","href":"https:\/\/api.w.org\/{rel}","templated":true}]}}