{"id":607,"date":"2022-03-30T08:44:37","date_gmt":"2022-03-30T06:44:37","guid":{"rendered":"http:\/\/lyceech.cluster026.hosting.ovh.net\/?p=607"},"modified":"2022-03-30T08:46:12","modified_gmt":"2022-03-30T06:46:12","slug":"combattantes-engagees-puissantes","status":"publish","type":"post","link":"http:\/\/lyceeclaudemonetlh.fr\/index.php\/2022\/03\/30\/combattantes-engagees-puissantes\/","title":{"rendered":"\u00ab Combattantes. Engag\u00e9es. Puissantes. \u00bb"},"content":{"rendered":"\n<figure class=\"wp-block-image size-full\"><img loading=\"lazy\" decoding=\"async\" width=\"393\" height=\"128\" src=\"http:\/\/lyceech.cluster026.hosting.ovh.net\/wp-content\/uploads\/2022\/01\/telechargement.png\" alt=\"\" class=\"wp-image-545\" srcset=\"http:\/\/lyceech.cluster026.hosting.ovh.net\/wp-content\/uploads\/2022\/01\/telechargement.png 393w, http:\/\/lyceech.cluster026.hosting.ovh.net\/wp-content\/uploads\/2022\/01\/telechargement-300x98.png 300w\" sizes=\"(max-width: 393px) 100vw, 393px\" \/><\/figure>\n\n\n\n<p>Les \u00e9l\u00e8ves de 2nde 9 ont particip\u00e9 \u00e0 un parcours Regards financ\u00e9 par la r\u00e9gion Normandie autour de<br>la question du f\u00e9minisme. La compagnie \u00ab La Part des Anges \u00bb est venue au lyc\u00e9e jouer la pi\u00e8ce<br>Constellation(s) \u00e9crite et mise en sc\u00e8ne par L\u00e9a Fouillet. Dans cette webradio, vous entendrez<br>Mouaadh pr\u00e9senter la pi\u00e8ce, les lectures de Bouchra, M\u00e9lia, Sabriya, Sacha et Sirine, les<br>commentaires d&rsquo;Hamza, un glossaire f\u00e9ministe r\u00e9alis\u00e9 et lu par Aysen, Kadiatou et Lisa. Les \u00e9l\u00e8ves<br>ont \u00e9galement particip\u00e9 \u00e0 des ateliers d&rsquo;initiation th\u00e9\u00e2trale o\u00f9 ils ont \u00e9crit puis jou\u00e9 des sayn\u00e8tes sur<br>le f\u00e9minisme et les discriminations. Vous entendrez le d\u00e9bat sur le foot f\u00e9minin d&rsquo;Erwan, Mohamed<br>A., Nour et Yanis, puis une sayn\u00e8te sur le racisme et le sexisme avec El Hadji, Mailie et Mohamed.<br>Enfin El Kacem conclura. Tr\u00e8s bonne \u00e9coute !<\/p>\n\n\n\n<figure class=\"wp-block-audio\"><audio controls src=\"http:\/\/lyceech.cluster026.hosting.ovh.net\/wp-content\/uploads\/2022\/03\/Webradio_209_Mmes_Faurant_Halle.mp3\"><\/audio><\/figure>\n\n\n\n<p><\/p>\n","protected":false},"excerpt":{"rendered":"<p>Les \u00e9l\u00e8ves de 2nde 9 ont particip\u00e9 \u00e0 un parcours Regards financ\u00e9 par la r\u00e9gion Normandie autour dela question du f\u00e9minisme. La compagnie \u00ab La Part des Anges \u00bb est venue au lyc\u00e9e jouer la pi\u00e8ceConstellation(s) \u00e9crite et mise en sc\u00e8ne par L\u00e9a Fouillet. Dans cette webradio, vous entendrezMouaadh pr\u00e9senter la pi\u00e8ce, les lectures de [&hellip;]<\/p>\n","protected":false},"author":1,"featured_media":545,"comment_status":"closed","ping_status":"closed","sticky":false,"template":"","format":"standard","meta":{"footnotes":""},"categories":[1],"tags":[],"_links":{"self":[{"href":"http:\/\/lyceeclaudemonetlh.fr\/index.php\/wp-json\/wp\/v2\/posts\/607"}],"collection":[{"href":"http:\/\/lyceeclaudemonetlh.fr\/index.php\/wp-json\/wp\/v2\/posts"}],"about":[{"href":"http:\/\/lyceeclaudemonetlh.fr\/index.php\/wp-json\/wp\/v2\/types\/post"}],"author":[{"embeddable":true,"href":"http:\/\/lyceeclaudemonetlh.fr\/index.php\/wp-json\/wp\/v2\/users\/1"}],"replies":[{"embeddable":true,"href":"http:\/\/lyceeclaudemonetlh.fr\/index.php\/wp-json\/wp\/v2\/comments?post=607"}],"version-history":[{"count":2,"href":"http:\/\/lyceeclaudemonetlh.fr\/index.php\/wp-json\/wp\/v2\/posts\/607\/revisions"}],"predecessor-version":[{"id":611,"href":"http:\/\/lyceeclaudemonetlh.fr\/index.php\/wp-json\/wp\/v2\/posts\/607\/revisions\/611"}],"wp:featuredmedia":[{"embeddable":true,"href":"http:\/\/lyceeclaudemonetlh.fr\/index.php\/wp-json\/wp\/v2\/media\/545"}],"wp:attachment":[{"href":"http:\/\/lyceeclaudemonetlh.fr\/index.php\/wp-json\/wp\/v2\/media?parent=607"}],"wp:term":[{"taxonomy":"category","embeddable":true,"href":"http:\/\/lyceeclaudemonetlh.fr\/index.php\/wp-json\/wp\/v2\/categories?post=607"},{"taxonomy":"post_tag","embeddable":true,"href":"http:\/\/lyceeclaudemonetlh.fr\/index.php\/wp-json\/wp\/v2\/tags?post=607"}],"curies":[{"name":"wp","href":"https:\/\/api.w.org\/{rel}","templated":true}]}}