{"id":599,"date":"2022-03-14T08:37:10","date_gmt":"2022-03-14T07:37:10","guid":{"rendered":"http:\/\/lyceech.cluster026.hosting.ovh.net\/?p=599"},"modified":"2022-03-14T08:43:22","modified_gmt":"2022-03-14T07:43:22","slug":"sortie-au-louvres-pour-les-eleves-lv-italien","status":"publish","type":"post","link":"http:\/\/lyceeclaudemonetlh.fr\/index.php\/2022\/03\/14\/sortie-au-louvres-pour-les-eleves-lv-italien\/","title":{"rendered":"Sortie au Louvres pour les \u00e9l\u00e8ves LV Italien"},"content":{"rendered":"\n<p>Jeudi 24 f\u00e9vrier 2022, les \u00e9l\u00e8ves de langues vivantes\u00a0\u00bb italien\u00a0\u00bb ont assist\u00e9 \u00e0 une conf\u00e9rence sur la peinture italienne et ont visit\u00e9 des monuments parisiens.<\/p>\n\n\n\n<figure class=\"wp-block-image size-full is-style-rounded\"><img loading=\"lazy\" decoding=\"async\" width=\"240\" height=\"320\" src=\"http:\/\/lyceech.cluster026.hosting.ovh.net\/wp-content\/uploads\/2022\/03\/ital2-rotated.jpeg\" alt=\"\" class=\"wp-image-600\" srcset=\"http:\/\/lyceech.cluster026.hosting.ovh.net\/wp-content\/uploads\/2022\/03\/ital2-rotated.jpeg 240w, http:\/\/lyceech.cluster026.hosting.ovh.net\/wp-content\/uploads\/2022\/03\/ital2-225x300.jpeg 225w\" sizes=\"(max-width: 240px) 100vw, 240px\" \/><\/figure>\n\n\n\n<div class=\"wp-block-image is-style-rounded\"><figure class=\"alignright size-full\"><img loading=\"lazy\" decoding=\"async\" width=\"320\" height=\"240\" src=\"http:\/\/lyceech.cluster026.hosting.ovh.net\/wp-content\/uploads\/2022\/03\/ital1.jpeg\" alt=\"\" class=\"wp-image-601\" srcset=\"http:\/\/lyceech.cluster026.hosting.ovh.net\/wp-content\/uploads\/2022\/03\/ital1.jpeg 320w, http:\/\/lyceech.cluster026.hosting.ovh.net\/wp-content\/uploads\/2022\/03\/ital1-300x225.jpeg 300w\" sizes=\"(max-width: 320px) 100vw, 320px\" \/><\/figure><\/div>\n","protected":false},"excerpt":{"rendered":"<p>Jeudi 24 f\u00e9vrier 2022, les \u00e9l\u00e8ves de langues vivantes\u00a0\u00bb italien\u00a0\u00bb ont assist\u00e9 \u00e0 une conf\u00e9rence sur la peinture italienne et ont visit\u00e9 des monuments parisiens.<\/p>\n","protected":false},"author":1,"featured_media":600,"comment_status":"closed","ping_status":"closed","sticky":false,"template":"","format":"standard","meta":{"footnotes":""},"categories":[1],"tags":[],"_links":{"self":[{"href":"http:\/\/lyceeclaudemonetlh.fr\/index.php\/wp-json\/wp\/v2\/posts\/599"}],"collection":[{"href":"http:\/\/lyceeclaudemonetlh.fr\/index.php\/wp-json\/wp\/v2\/posts"}],"about":[{"href":"http:\/\/lyceeclaudemonetlh.fr\/index.php\/wp-json\/wp\/v2\/types\/post"}],"author":[{"embeddable":true,"href":"http:\/\/lyceeclaudemonetlh.fr\/index.php\/wp-json\/wp\/v2\/users\/1"}],"replies":[{"embeddable":true,"href":"http:\/\/lyceeclaudemonetlh.fr\/index.php\/wp-json\/wp\/v2\/comments?post=599"}],"version-history":[{"count":2,"href":"http:\/\/lyceeclaudemonetlh.fr\/index.php\/wp-json\/wp\/v2\/posts\/599\/revisions"}],"predecessor-version":[{"id":605,"href":"http:\/\/lyceeclaudemonetlh.fr\/index.php\/wp-json\/wp\/v2\/posts\/599\/revisions\/605"}],"wp:featuredmedia":[{"embeddable":true,"href":"http:\/\/lyceeclaudemonetlh.fr\/index.php\/wp-json\/wp\/v2\/media\/600"}],"wp:attachment":[{"href":"http:\/\/lyceeclaudemonetlh.fr\/index.php\/wp-json\/wp\/v2\/media?parent=599"}],"wp:term":[{"taxonomy":"category","embeddable":true,"href":"http:\/\/lyceeclaudemonetlh.fr\/index.php\/wp-json\/wp\/v2\/categories?post=599"},{"taxonomy":"post_tag","embeddable":true,"href":"http:\/\/lyceeclaudemonetlh.fr\/index.php\/wp-json\/wp\/v2\/tags?post=599"}],"curies":[{"name":"wp","href":"https:\/\/api.w.org\/{rel}","templated":true}]}}